{"id":48,"date":"2025-01-15T11:28:17","date_gmt":"2025-01-15T11:28:17","guid":{"rendered":"https:\/\/www.leyform.it\/blog\/?p=48"},"modified":"2025-01-16T08:47:15","modified_gmt":"2025-01-16T08:47:15","slug":"rencontre-avec-equipe-commerciale","status":"publish","type":"post","link":"https:\/\/www.leyform.fr\/blog\/rencontre-avec-equipe-commerciale\/","title":{"rendered":"Dans les Coulisses de Leyform : Rencontre avec l\u2019\u00e9quipe commerciale"},"content":{"rendered":"\n<h2 class=\"wp-block-heading\">Un Rendez-vous Priv\u00e9 pour D\u00e9couvrir les tendances Design de Leyform en 2025<\/h2>\n\n\n\n<p><\/p>\n\n\n<div class=\"wp-block-image\">\n<figure class=\"aligncenter size-full is-resized\" style=\"margin-top:10px;margin-right:0px;margin-bottom:10px;margin-left:0px\"><img loading=\"lazy\" decoding=\"async\" width=\"1120\" height=\"1120\" src=\"https:\/\/www.leyform.fr\/blog\/wp-content\/uploads\/2025\/01\/grafica-riunione-agenti-FR-1120.png\" alt=\"Rencontre-avec-l\u2019\u00e9quipe commerciale\" class=\"wp-image-128\" style=\"aspect-ratio:1;object-fit:cover;width:1120px\" srcset=\"https:\/\/www.leyform.fr\/blog\/wp-content\/uploads\/2025\/01\/grafica-riunione-agenti-FR-1120.png 1120w, https:\/\/www.leyform.fr\/blog\/wp-content\/uploads\/2025\/01\/grafica-riunione-agenti-FR-1120-300x300.png 300w, https:\/\/www.leyform.fr\/blog\/wp-content\/uploads\/2025\/01\/grafica-riunione-agenti-FR-1120-1024x1024.png 1024w, https:\/\/www.leyform.fr\/blog\/wp-content\/uploads\/2025\/01\/grafica-riunione-agenti-FR-1120-150x150.png 150w, https:\/\/www.leyform.fr\/blog\/wp-content\/uploads\/2025\/01\/grafica-riunione-agenti-FR-1120-768x768.png 768w\" sizes=\"auto, (max-width: 1120px) 100vw, 1120px\" \/><\/figure>\n<\/div>\n\n\n<p><\/p>\n\n\n\n<p>Le 28 f\u00e9vrier 2025, <a href=\"https:\/\/www.leyform.fr\/\" target=\"_blank\" rel=\"noreferrer noopener\">Leyform<\/a> ouvre ses portes \u00e0 son si\u00e8ge de Colle Umberto (TV), via Sandro Pertini 1, pour un \u00e9v\u00e9nement unique. L\u2019\u00e9quipe commerciale, accompagn\u00e9e du directeur marketing et du designer Nicola Cacco, y pr\u00e9sentera les nouveaut\u00e9s et les grandes tendances design qui guideront Leyform cette ann\u00e9e.&nbsp;<\/p>\n\n\n\n<p>C\u2019est l\u2019occasion id\u00e9ale pour d\u00e9couvrir comment Leyform continue de transformer les espaces d\u2019attente, collectifs et les bureaux avec des cr\u00e9ations uniques et inspirantes.<\/p>\n\n\n\n<h3 class=\"wp-block-heading\">Nicola Cacco : L\u2019Esprit Cr\u00e9atif des Nouvelles Collections<\/h3>\n\n\n\n<p><\/p>\n\n\n<div class=\"wp-block-image\">\n<figure class=\"alignleft size-full is-resized\" style=\"margin-top:10px;margin-right:0px;margin-bottom:10px;margin-left:0px\"><img loading=\"lazy\" decoding=\"async\" width=\"1290\" height=\"1400\" src=\"https:\/\/www.leyform.fr\/blog\/wp-content\/uploads\/2025\/01\/nicola-cacco-1290x1400-1.webp\" alt=\"Nicola Cacco\" class=\"wp-image-133\" style=\"aspect-ratio:16\/9;object-fit:cover;width:1120px\" srcset=\"https:\/\/www.leyform.fr\/blog\/wp-content\/uploads\/2025\/01\/nicola-cacco-1290x1400-1.webp 1290w, https:\/\/www.leyform.fr\/blog\/wp-content\/uploads\/2025\/01\/nicola-cacco-1290x1400-1-276x300.webp 276w, https:\/\/www.leyform.fr\/blog\/wp-content\/uploads\/2025\/01\/nicola-cacco-1290x1400-1-944x1024.webp 944w, https:\/\/www.leyform.fr\/blog\/wp-content\/uploads\/2025\/01\/nicola-cacco-1290x1400-1-768x833.webp 768w\" sizes=\"auto, (max-width: 1290px) 100vw, 1290px\" \/><\/figure>\n<\/div>\n\n\n<p><\/p>\n\n\n\n<p><a href=\"https:\/\/it.linkedin.com\/in\/nicola-cacco-92957218\" target=\"_blank\" rel=\"noreferrer noopener\">Nicola Cacco<\/a> partagera ses id\u00e9es et d\u00e9voilera ses cr\u00e9ations pour 2025. Les invit\u00e9s pourront d\u00e9couvrir en avant-premi\u00e8re des poufs et bancs modulaires, des canap\u00e9s pens\u00e9s pour les espaces d\u2019attente comme les halls et r\u00e9ceptions, et des fauteuils de direction au style affirm\u00e9. Une plong\u00e9e dans l\u2019univers du design italien, o\u00f9 chaque d\u00e9tail refl\u00e8te l\u2019\u00e9l\u00e9gance et l\u2019innovation sign\u00e9es Leyform.<br><\/p>\n\n\n\n<h3 class=\"wp-block-heading has-text-align-left\">&nbsp;\u00c9changer et Collaborer pour Aller Plus Loin<\/h3>\n\n\n\n<p><\/p>\n\n\n<div class=\"wp-block-image\">\n<figure class=\"alignleft size-full is-resized\" style=\"margin-top:10px;margin-right:0px;margin-bottom:10px;margin-left:0px\"><img loading=\"lazy\" decoding=\"async\" width=\"1200\" height=\"800\" src=\"https:\/\/www.leyform.fr\/blog\/wp-content\/uploads\/2025\/01\/Collaborazione.jpg\" alt=\"Poign\u00e9e de main\n\" class=\"wp-image-111\" style=\"aspect-ratio:16\/9;object-fit:cover;width:1120px\" srcset=\"https:\/\/www.leyform.fr\/blog\/wp-content\/uploads\/2025\/01\/Collaborazione.jpg 1200w, https:\/\/www.leyform.fr\/blog\/wp-content\/uploads\/2025\/01\/Collaborazione-300x200.jpg 300w, https:\/\/www.leyform.fr\/blog\/wp-content\/uploads\/2025\/01\/Collaborazione-1024x683.jpg 1024w, https:\/\/www.leyform.fr\/blog\/wp-content\/uploads\/2025\/01\/Collaborazione-768x512.jpg 768w\" sizes=\"auto, (max-width: 1200px) 100vw, 1200px\" \/><\/figure>\n<\/div>\n\n\n<p><\/p>\n\n\n\n<p>Cet \u00e9v\u00e9nement est aussi un moment de rencontre et de dialogue. L\u2019objectif ? Faire \u00e9merger de nouvelles id\u00e9es, partager des retours d\u2019exp\u00e9rience et continuer \u00e0 repousser les limites de l\u2019excellence ensemble.<\/p>\n\n\n\n<p><br>Envie d\u2019en savoir plus sur Leyform et de d\u00e9couvrir ce que 2025 vous r\u00e9serve ? <a href=\"https:\/\/www.leyform.fr\/\" target=\"_blank\" rel=\"noreferrer noopener\">Contactez-nous<\/a> d\u00e8s aujourd\u2019hui !<\/p>\n\n\n\n<p><\/p>\n","protected":false},"excerpt":{"rendered":"<p>Un Rendez-vous Priv\u00e9 pour D\u00e9couvrir les tendances Design de Leyform en 2025 Le 28 f\u00e9vrier 2025, Leyform ouvre ses portes [&hellip;]<\/p>\n","protected":false},"author":1,"featured_media":129,"comment_status":"closed","ping_status":"closed","sticky":false,"template":"","format":"standard","meta":{"_acf_changed":false,"footnotes":""},"categories":[15],"tags":[25,29,28],"class_list":["post-48","post","type-post","status-publish","format-standard","has-post-thumbnail","hentry","category-actualites","tag-nicola-cacco","tag-tendances-2025","tag-tendances-design"],"acf":[],"_links":{"self":[{"href":"https:\/\/www.leyform.fr\/blog\/wp-json\/wp\/v2\/posts\/48","targetHints":{"allow":["GET"]}}],"collection":[{"href":"https:\/\/www.leyform.fr\/blog\/wp-json\/wp\/v2\/posts"}],"about":[{"href":"https:\/\/www.leyform.fr\/blog\/wp-json\/wp\/v2\/types\/post"}],"author":[{"embeddable":true,"href":"https:\/\/www.leyform.fr\/blog\/wp-json\/wp\/v2\/users\/1"}],"replies":[{"embeddable":true,"href":"https:\/\/www.leyform.fr\/blog\/wp-json\/wp\/v2\/comments?post=48"}],"version-history":[{"count":50,"href":"https:\/\/www.leyform.fr\/blog\/wp-json\/wp\/v2\/posts\/48\/revisions"}],"predecessor-version":[{"id":134,"href":"https:\/\/www.leyform.fr\/blog\/wp-json\/wp\/v2\/posts\/48\/revisions\/134"}],"wp:featuredmedia":[{"embeddable":true,"href":"https:\/\/www.leyform.fr\/blog\/wp-json\/wp\/v2\/media\/129"}],"wp:attachment":[{"href":"https:\/\/www.leyform.fr\/blog\/wp-json\/wp\/v2\/media?parent=48"}],"wp:term":[{"taxonomy":"category","embeddable":true,"href":"https:\/\/www.leyform.fr\/blog\/wp-json\/wp\/v2\/categories?post=48"},{"taxonomy":"post_tag","embeddable":true,"href":"https:\/\/www.leyform.fr\/blog\/wp-json\/wp\/v2\/tags?post=48"}],"curies":[{"name":"wp","href":"https:\/\/api.w.org\/{rel}","templated":true}]}}