{"id":304,"date":"2026-02-09T09:34:08","date_gmt":"2026-02-09T09:34:08","guid":{"rendered":"https:\/\/www.leyform.fr\/blog\/?p=304"},"modified":"2026-02-09T09:34:09","modified_gmt":"2026-02-09T09:34:09","slug":"leyform-presente-nouvelles-orientations-design-2026","status":"publish","type":"post","link":"https:\/\/www.leyform.fr\/blog\/leyform-presente-nouvelles-orientations-design-2026\/","title":{"rendered":"Leyform pr\u00e9sente les nouvelles orientations du design 2026"},"content":{"rendered":"\n<h2 class=\"wp-block-heading\">Un \u00e9v\u00e9nement exclusif d\u00e9di\u00e9 \u00e0 l\u2019innovation, au design et aux nouvelles collections Leyform pour les espaces d\u2019attente, les lieux collectifs et les bureaux<\/h2>\n\n\n<div class=\"wp-block-image\">\n<figure class=\"alignleft size-full\" style=\"margin-top:10px;margin-right:0px;margin-bottom:10px;margin-left:0px\"><a href=\"https:\/\/www.leyform.fr\/index.html\" target=\"_blank\" rel=\" noreferrer noopener\"><img loading=\"lazy\" decoding=\"async\" width=\"2048\" height=\"2048\" src=\"https:\/\/www.leyform.fr\/blog\/wp-content\/uploads\/2026\/02\/Leyform_1-6.png\" alt=\"Leyform_1\" class=\"wp-image-305\" srcset=\"https:\/\/www.leyform.fr\/blog\/wp-content\/uploads\/2026\/02\/Leyform_1-6.png 2048w, https:\/\/www.leyform.fr\/blog\/wp-content\/uploads\/2026\/02\/Leyform_1-6-300x300.png 300w, https:\/\/www.leyform.fr\/blog\/wp-content\/uploads\/2026\/02\/Leyform_1-6-1024x1024.png 1024w, https:\/\/www.leyform.fr\/blog\/wp-content\/uploads\/2026\/02\/Leyform_1-6-150x150.png 150w, https:\/\/www.leyform.fr\/blog\/wp-content\/uploads\/2026\/02\/Leyform_1-6-768x768.png 768w, https:\/\/www.leyform.fr\/blog\/wp-content\/uploads\/2026\/02\/Leyform_1-6-1536x1536.png 1536w\" sizes=\"auto, (max-width: 2048px) 100vw, 2048px\" \/><\/a><\/figure>\n<\/div>\n\n\n<p>Le 27 f\u00e9vrier 2025, au si\u00e8ge de Leyform \u00e0 Colle Umberto (TV), se tiendra un \u00e9v\u00e9nement exclusif consacr\u00e9 \u00e0 l\u2019innovation et au design contemporain. Un rendez-vous r\u00e9serv\u00e9 \u00e0 la force commerciale Leyform, accompagn\u00e9e du CMO, avec la participation exceptionnelle du designer <a href=\"https:\/\/it.linkedin.com\/in\/nicola-cacco-92957218\" target=\"_blank\" rel=\"noreferrer noopener\">Nicola Cacco<\/a>, porte-parole de sa vision cr\u00e9ative pour Leyform : <strong>g\u00e9om\u00e9tries iconiques, solutions modulaires et langage formel distinctif, <\/strong>pens\u00e9s pour des environnements contemporains \u00e0 forte identit\u00e9.<\/p>\n\n\n\n<h3 class=\"wp-block-heading\">Nouvelles collections et tendances 2026<\/h3>\n\n\n<div class=\"wp-block-image\">\n<figure class=\"alignleft size-full is-resized\" style=\"margin-top:10px;margin-right:0px;margin-bottom:10px;margin-left:0px\"><a href=\"https:\/\/it.linkedin.com\/in\/nicola-cacco-92957218\" target=\"_blank\" rel=\" noreferrer noopener\"><img loading=\"lazy\" decoding=\"async\" width=\"2560\" height=\"1829\" src=\"https:\/\/www.leyform.fr\/blog\/wp-content\/uploads\/2026\/02\/Leyform_2-1-scaled.jpg\" alt=\"Leyform_2\" class=\"wp-image-306\" style=\"aspect-ratio:16\/9;object-fit:cover;width:1120px\" srcset=\"https:\/\/www.leyform.fr\/blog\/wp-content\/uploads\/2026\/02\/Leyform_2-1-scaled.jpg 2560w, https:\/\/www.leyform.fr\/blog\/wp-content\/uploads\/2026\/02\/Leyform_2-1-300x214.jpg 300w, https:\/\/www.leyform.fr\/blog\/wp-content\/uploads\/2026\/02\/Leyform_2-1-1024x731.jpg 1024w, https:\/\/www.leyform.fr\/blog\/wp-content\/uploads\/2026\/02\/Leyform_2-1-768x549.jpg 768w, https:\/\/www.leyform.fr\/blog\/wp-content\/uploads\/2026\/02\/Leyform_2-1-1536x1097.jpg 1536w, https:\/\/www.leyform.fr\/blog\/wp-content\/uploads\/2026\/02\/Leyform_2-1-2048x1463.jpg 2048w\" sizes=\"auto, (max-width: 2560px) 100vw, 2560px\" \/><\/a><\/figure>\n<\/div>\n\n\n<p class=\"has-text-align-center\"><\/p>\n\n\n\n<p>Cette rencontre sera l\u2019occasion de d\u00e9voiler de <a href=\"https:\/\/www.leyform.fr\/index.html\" target=\"_blank\" rel=\"noreferrer noopener\">nouvelles collections<\/a>, des tendances \u00e9mergentes et des concepts in\u00e9dits, en racontant le parcours cr\u00e9atif que Leyform est en train de tracer pour red\u00e9finir les espaces d\u2019attente, les lieux collectifs et les bureaux. G\u00e9om\u00e9tries affirm\u00e9es, formes iconiques et solutions modulaires deviennent le langage \u00e0 travers lequel l\u2019entreprise interpr\u00e8te des environnements au caract\u00e8re fort, identitaire et contemporain.<\/p>\n\n\n\n<p>Nicola Cacco pr\u00e9sentera les <strong>id\u00e9es et cr\u00e9ations 2026<\/strong>, expliquant comment les nouvelles tendances prennent forme \u00e0 travers des <strong>poufs, des canap\u00e9s modulaires pour halls, r\u00e9ceptions et open-spaces,<\/strong> ainsi que des fauteuils de direction \u00e0 fort impact visuel. Une occasion unique d\u2019entrer au c\u0153ur du futur du <strong>design Made in Italy.<\/strong><\/p>\n\n\n\n<h3 class=\"wp-block-heading has-text-align-left\">Un parcours partag\u00e9 vers l\u2019excellence<\/h3>\n\n\n<div class=\"wp-block-image\">\n<figure class=\"alignleft size-full\" style=\"margin-top:10px;margin-right:0px;margin-bottom:10px;margin-left:0px\"><a href=\"https:\/\/www.leyform.fr\/index.html\" target=\"_blank\" rel=\" noreferrer noopener\"><img loading=\"lazy\" decoding=\"async\" width=\"1184\" height=\"864\" src=\"https:\/\/www.leyform.fr\/blog\/wp-content\/uploads\/2026\/02\/showroom_03-1.png\" alt=\"Leyform_3\" class=\"wp-image-307\" style=\"aspect-ratio:16\/9;object-fit:cover\" srcset=\"https:\/\/www.leyform.fr\/blog\/wp-content\/uploads\/2026\/02\/showroom_03-1.png 1184w, https:\/\/www.leyform.fr\/blog\/wp-content\/uploads\/2026\/02\/showroom_03-1-300x219.png 300w, https:\/\/www.leyform.fr\/blog\/wp-content\/uploads\/2026\/02\/showroom_03-1-1024x747.png 1024w, https:\/\/www.leyform.fr\/blog\/wp-content\/uploads\/2026\/02\/showroom_03-1-768x560.png 768w\" sizes=\"auto, (max-width: 1184px) 100vw, 1184px\" \/><\/a><\/figure>\n<\/div>\n\n\n<p>Cet \u00e9v\u00e9nement se veut un espace d\u2019\u00e9change et d\u2019inspiration, o\u00f9 id\u00e9es, visions et retours deviennent partie int\u00e9grante d\u2019un parcours commun, renfor\u00e7ant l\u2019identit\u00e9 de Leyform et son engagement constant en faveur de l\u2019excellence en mati\u00e8re de design.<\/p>\n\n\n\n<p>Vous souhaitez mieux conna\u00eetre l\u2019univers Leyform et d\u00e9couvrir les nouvelles tendances design pour 2026 ?<br><a href=\"https:\/\/www.leyform.fr\/\" target=\"_blank\" rel=\"noreferrer noopener\">Contactez-nous<\/a> et laissez-vous guider dans le choix des solutions les plus adapt\u00e9es \u00e0 vos espaces.<\/p>\n","protected":false},"excerpt":{"rendered":"<p>Un \u00e9v\u00e9nement exclusif d\u00e9di\u00e9 \u00e0 l\u2019innovation, au design et aux nouvelles collections Leyform pour les espaces d\u2019attente, les lieux collectifs [&hellip;]<\/p>\n","protected":false},"author":1,"featured_media":305,"comment_status":"closed","ping_status":"closed","sticky":false,"template":"","format":"standard","meta":{"_acf_changed":false,"footnotes":""},"categories":[15],"tags":[61,62],"class_list":["post-304","post","type-post","status-publish","format-standard","has-post-thumbnail","hentry","category-actualites","tag-design-2026","tag-news-leyform-2026"],"acf":[],"_links":{"self":[{"href":"https:\/\/www.leyform.fr\/blog\/wp-json\/wp\/v2\/posts\/304","targetHints":{"allow":["GET"]}}],"collection":[{"href":"https:\/\/www.leyform.fr\/blog\/wp-json\/wp\/v2\/posts"}],"about":[{"href":"https:\/\/www.leyform.fr\/blog\/wp-json\/wp\/v2\/types\/post"}],"author":[{"embeddable":true,"href":"https:\/\/www.leyform.fr\/blog\/wp-json\/wp\/v2\/users\/1"}],"replies":[{"embeddable":true,"href":"https:\/\/www.leyform.fr\/blog\/wp-json\/wp\/v2\/comments?post=304"}],"version-history":[{"count":1,"href":"https:\/\/www.leyform.fr\/blog\/wp-json\/wp\/v2\/posts\/304\/revisions"}],"predecessor-version":[{"id":309,"href":"https:\/\/www.leyform.fr\/blog\/wp-json\/wp\/v2\/posts\/304\/revisions\/309"}],"wp:featuredmedia":[{"embeddable":true,"href":"https:\/\/www.leyform.fr\/blog\/wp-json\/wp\/v2\/media\/305"}],"wp:attachment":[{"href":"https:\/\/www.leyform.fr\/blog\/wp-json\/wp\/v2\/media?parent=304"}],"wp:term":[{"taxonomy":"category","embeddable":true,"href":"https:\/\/www.leyform.fr\/blog\/wp-json\/wp\/v2\/categories?post=304"},{"taxonomy":"post_tag","embeddable":true,"href":"https:\/\/www.leyform.fr\/blog\/wp-json\/wp\/v2\/tags?post=304"}],"curies":[{"name":"wp","href":"https:\/\/api.w.org\/{rel}","templated":true}]}}