{"id":274,"date":"2025-11-03T18:08:15","date_gmt":"2025-11-03T18:08:15","guid":{"rendered":"https:\/\/www.leyform.fr\/blog\/?p=274"},"modified":"2025-11-03T18:08:15","modified_gmt":"2025-11-03T18:08:15","slug":"confort-devient-soin-chaises-pour-maison-de-retraite-leyform","status":"publish","type":"post","link":"https:\/\/www.leyform.fr\/blog\/confort-devient-soin-chaises-pour-maison-de-retraite-leyform\/","title":{"rendered":"Quand le confort devient soin : les chaises pour maison de retraite Leyform"},"content":{"rendered":"\n<h2 class=\"wp-block-heading\">Tous les d\u00e9tails du projet r\u00e9alis\u00e9 pour la Caritas Tagesbetreuung Seitenstetten, o\u00f9 bien-\u00eatre et attention se rencontrent<\/h2>\n\n\n\n<p>Les chaises pour maisons de retraite sont des \u00e9l\u00e9ments essentiels pour garantir confort et s\u00e9curit\u00e9 aux r\u00e9sidents. Dans les \u00e9tablissements de soins et d\u2019accueil pour personnes \u00e2g\u00e9es, o\u00f9 le bien-\u00eatre quotidien est une priorit\u00e9, Leyform con\u00e7oit des assises ergonomiques, r\u00e9sistantes et faciles \u00e0 d\u00e9sinfecter.<\/p>\n\n\n\n<p>Pour la Caritas Tagesbetreuung Seitenstetten en Autriche, une fourniture sp\u00e9cifique a \u00e9t\u00e9 r\u00e9alis\u00e9e en collaboration avec le cabinet d\u2019architecture Whir 3, en s\u00e9lectionnant trois mod\u00e8les parfaitement adapt\u00e9s aux besoins de la zone d\u00e9tente d\u2019un environnement m\u00e9dicalis\u00e9 : <a href=\"https:\/\/www.leyform.fr\/canape-et-fauteuil-d-attente\/canape-p-salle-d-attente-design-moderne-chargeur-usb-around.html\" target=\"_blank\" rel=\"noreferrer noopener\">Around<\/a>, <a href=\"https:\/\/www.leyform.fr\/chaise-bois-rembourree\/chaise-en-bois-pour-personne-agee-kalos.html\" target=\"_blank\" rel=\"noreferrer noopener\">Kalos<\/a> et <a href=\"https:\/\/www.leyform.fr\/siege-de-conference\/chaise-empilable-de-design-pour-conferences-outdoor-greta.html\" target=\"_blank\" rel=\"noreferrer noopener\">Greta<\/a>.<\/p>\n\n\n\n<p>Les mat\u00e9riaux et les teintes choisis s\u2019inspirent de la nature et \u00e9voquent calme, s\u00e9curit\u00e9 et proximit\u00e9 avec l\u2019environnement, contribuant \u00e0 faire du centre de jour Caritas un lieu o\u00f9 repos, dignit\u00e9 et attention aux a\u00een\u00e9s sont au c\u0153ur de chaque d\u00e9tail.<\/p>\n\n\n\n<h3 class=\"wp-block-heading\">Around : \u00e9l\u00e9gance et technologie pour espaces d\u00e9tente et zones communes<\/h3>\n\n\n<div class=\"wp-block-image\">\n<figure class=\"alignleft size-full is-resized\" style=\"margin-top:10px;margin-right:0px;margin-bottom:10px;margin-left:0px\"><a href=\"https:\/\/www.leyform.fr\/canape-et-fauteuil-d-attente\/canape-p-salle-d-attente-design-moderne-chargeur-usb-around.html\" target=\"_blank\" rel=\" noreferrer noopener\"><img loading=\"lazy\" decoding=\"async\" width=\"2048\" height=\"1365\" src=\"https:\/\/www.leyform.fr\/blog\/wp-content\/uploads\/2025\/10\/251001_Caritas_Whir3_0046_\u00a9philipphirtenlehner.jpg\" alt=\"chaises-pour-maison\" class=\"wp-image-285\" style=\"aspect-ratio:16\/9;object-fit:cover;width:1120px\" srcset=\"https:\/\/www.leyform.fr\/blog\/wp-content\/uploads\/2025\/10\/251001_Caritas_Whir3_0046_\u00a9philipphirtenlehner.jpg 2048w, https:\/\/www.leyform.fr\/blog\/wp-content\/uploads\/2025\/10\/251001_Caritas_Whir3_0046_\u00a9philipphirtenlehner-300x200.jpg 300w, https:\/\/www.leyform.fr\/blog\/wp-content\/uploads\/2025\/10\/251001_Caritas_Whir3_0046_\u00a9philipphirtenlehner-1024x683.jpg 1024w, https:\/\/www.leyform.fr\/blog\/wp-content\/uploads\/2025\/10\/251001_Caritas_Whir3_0046_\u00a9philipphirtenlehner-768x512.jpg 768w, https:\/\/www.leyform.fr\/blog\/wp-content\/uploads\/2025\/10\/251001_Caritas_Whir3_0046_\u00a9philipphirtenlehner-1536x1024.jpg 1536w\" sizes=\"auto, (max-width: 2048px) 100vw, 2048px\" \/><\/a><\/figure>\n<\/div>\n\n\n<p class=\"has-text-align-center\"><\/p>\n\n\n\n<p>Avec son design contemporain et ses ports USB-C int\u00e9gr\u00e9s, <a href=\"https:\/\/www.leyform.fr\/canape-et-fauteuil-d-attente\/canape-p-salle-d-attente-design-moderne-chargeur-usb-around.html\" target=\"_blank\" rel=\"noreferrer noopener\">Around<\/a> est id\u00e9ale pour les espaces collectifs et les salles d\u2019attente des maisons de retraite. Elle allie confort, praticit\u00e9 et style, am\u00e9liorant l\u2019exp\u00e9rience des r\u00e9sidents comme celle du personnel.<\/p>\n\n\n\n<h3 class=\"wp-block-heading has-text-align-left\">Kalos : naturel et confort pour les seniors<\/h3>\n\n\n<div class=\"wp-block-image\">\n<figure class=\"alignleft size-full\" style=\"margin-top:10px;margin-right:0px;margin-bottom:10px;margin-left:0px\"><a href=\"https:\/\/www.leyform.fr\/chaise-bois-rembourree\/chaise-en-bois-pour-personne-agee-kalos.html\" target=\"_blank\" rel=\" noreferrer noopener\"><img loading=\"lazy\" decoding=\"async\" width=\"2048\" height=\"1365\" src=\"https:\/\/www.leyform.fr\/blog\/wp-content\/uploads\/2025\/10\/251001_Caritas_Whir3_0437_\u00a9philipphirtenlehner-HDR.jpg\" alt=\"chaises-pour-maison-2\" class=\"wp-image-286\" style=\"aspect-ratio:16\/9;object-fit:cover\" srcset=\"https:\/\/www.leyform.fr\/blog\/wp-content\/uploads\/2025\/10\/251001_Caritas_Whir3_0437_\u00a9philipphirtenlehner-HDR.jpg 2048w, https:\/\/www.leyform.fr\/blog\/wp-content\/uploads\/2025\/10\/251001_Caritas_Whir3_0437_\u00a9philipphirtenlehner-HDR-300x200.jpg 300w, https:\/\/www.leyform.fr\/blog\/wp-content\/uploads\/2025\/10\/251001_Caritas_Whir3_0437_\u00a9philipphirtenlehner-HDR-1024x683.jpg 1024w, https:\/\/www.leyform.fr\/blog\/wp-content\/uploads\/2025\/10\/251001_Caritas_Whir3_0437_\u00a9philipphirtenlehner-HDR-768x512.jpg 768w, https:\/\/www.leyform.fr\/blog\/wp-content\/uploads\/2025\/10\/251001_Caritas_Whir3_0437_\u00a9philipphirtenlehner-HDR-1536x1024.jpg 1536w\" sizes=\"auto, (max-width: 2048px) 100vw, 2048px\" \/><\/a><\/figure>\n<\/div>\n\n\n<p>La chaise <a href=\"https:\/\/www.leyform.fr\/chaise-bois-rembourree\/chaise-en-bois-pour-personne-agee-kalos.html\" target=\"_blank\" rel=\"noreferrer noopener\">Kalos<\/a> associe la chaleur du bois \u00e0 des rev\u00eatements faciles \u00e0 nettoyer. Parfaite pour les \u00e9tablissements d\u2019accueil de jour et les maisons m\u00e9dicalis\u00e9es, elle transmet un sentiment d\u2019harmonie et de s\u00e9curit\u00e9 dans chaque espace de soin.<\/p>\n\n\n\n<h3 class=\"wp-block-heading\">Greta : la force de la l\u00e9g\u00e8ret\u00e9<\/h3>\n\n\n<div class=\"wp-block-image\">\n<figure class=\"alignleft size-full is-resized\" style=\"margin-top:10px;margin-right:0px;margin-bottom:10px;margin-left:0px\"><a href=\"https:\/\/www.leyform.fr\/siege-de-conference\/chaise-empilable-de-design-pour-conferences-outdoor-greta.html\" target=\"_blank\" rel=\" noreferrer noopener\"><img loading=\"lazy\" decoding=\"async\" width=\"2048\" height=\"1365\" src=\"https:\/\/www.leyform.fr\/blog\/wp-content\/uploads\/2025\/10\/251001_Caritas_Whir3_0656_\u00a9philipphirtenlehner-HDR.jpg\" alt=\"chaises-pour-maison-1\" class=\"wp-image-287\" style=\"aspect-ratio:16\/9;object-fit:cover;width:1120px\" srcset=\"https:\/\/www.leyform.fr\/blog\/wp-content\/uploads\/2025\/10\/251001_Caritas_Whir3_0656_\u00a9philipphirtenlehner-HDR.jpg 2048w, https:\/\/www.leyform.fr\/blog\/wp-content\/uploads\/2025\/10\/251001_Caritas_Whir3_0656_\u00a9philipphirtenlehner-HDR-300x200.jpg 300w, https:\/\/www.leyform.fr\/blog\/wp-content\/uploads\/2025\/10\/251001_Caritas_Whir3_0656_\u00a9philipphirtenlehner-HDR-1024x683.jpg 1024w, https:\/\/www.leyform.fr\/blog\/wp-content\/uploads\/2025\/10\/251001_Caritas_Whir3_0656_\u00a9philipphirtenlehner-HDR-768x512.jpg 768w, https:\/\/www.leyform.fr\/blog\/wp-content\/uploads\/2025\/10\/251001_Caritas_Whir3_0656_\u00a9philipphirtenlehner-HDR-1536x1024.jpg 1536w\" sizes=\"auto, (max-width: 2048px) 100vw, 2048px\" \/><\/a><\/figure>\n<\/div>\n\n\n<p>Simple, solide et \u00e9cologique, <a href=\"https:\/\/www.leyform.fr\/siege-de-conference\/chaise-empilable-de-design-pour-conferences-outdoor-greta.html\" target=\"_blank\" rel=\"noreferrer noopener\">Greta<\/a> est fabriqu\u00e9e en mat\u00e9riau recycl\u00e9 et recyclable. Cette chaise pour maison de retraite est une solution polyvalente pour les zones communes et les espaces de socialisation, o\u00f9 l\u2019hygi\u00e8ne et la praticit\u00e9 sont essentielles.<\/p>\n\n\n\n<p><strong>Depuis plus de cinquante ans, Leyform est sp\u00e9cialis\u00e9e dans la fabrication de chaises pour maisons de retraite et \u00e9tablissements de soins, alliant confort, design et fonctionnalit\u00e9. <\/strong>Chaque projet est con\u00e7u pour am\u00e9liorer la qualit\u00e9 de vie dans tous les environnements d\u00e9di\u00e9s \u00e0 la sant\u00e9 et \u00e0 l\u2019accueil des seniors.<\/p>\n\n\n\n<p><a href=\"https:\/\/www.leyform.fr\/leyform-contact.html\" target=\"_blank\" rel=\"noreferrer noopener\">Contactez-nous<\/a> pour b\u00e9n\u00e9ficier d\u2019un accompagnement personnalis\u00e9 et d\u2019offres adapt\u00e9es \u00e0 vos structures !<\/p>\n","protected":false},"excerpt":{"rendered":"<p>Tous les d\u00e9tails du projet r\u00e9alis\u00e9 pour la Caritas Tagesbetreuung Seitenstetten, o\u00f9 bien-\u00eatre et attention se rencontrent Les chaises pour [&hellip;]<\/p>\n","protected":false},"author":1,"featured_media":282,"comment_status":"closed","ping_status":"closed","sticky":false,"template":"","format":"standard","meta":{"_acf_changed":false,"footnotes":""},"categories":[20,11],"tags":[57,58],"class_list":["post-274","post","type-post","status-publish","format-standard","has-post-thumbnail","hentry","category-collectivite","category-attente","tag-chaises-pour-maison-de-retraite","tag-maison-de-retraite"],"acf":[],"_links":{"self":[{"href":"https:\/\/www.leyform.fr\/blog\/wp-json\/wp\/v2\/posts\/274","targetHints":{"allow":["GET"]}}],"collection":[{"href":"https:\/\/www.leyform.fr\/blog\/wp-json\/wp\/v2\/posts"}],"about":[{"href":"https:\/\/www.leyform.fr\/blog\/wp-json\/wp\/v2\/types\/post"}],"author":[{"embeddable":true,"href":"https:\/\/www.leyform.fr\/blog\/wp-json\/wp\/v2\/users\/1"}],"replies":[{"embeddable":true,"href":"https:\/\/www.leyform.fr\/blog\/wp-json\/wp\/v2\/comments?post=274"}],"version-history":[{"count":4,"href":"https:\/\/www.leyform.fr\/blog\/wp-json\/wp\/v2\/posts\/274\/revisions"}],"predecessor-version":[{"id":289,"href":"https:\/\/www.leyform.fr\/blog\/wp-json\/wp\/v2\/posts\/274\/revisions\/289"}],"wp:featuredmedia":[{"embeddable":true,"href":"https:\/\/www.leyform.fr\/blog\/wp-json\/wp\/v2\/media\/282"}],"wp:attachment":[{"href":"https:\/\/www.leyform.fr\/blog\/wp-json\/wp\/v2\/media?parent=274"}],"wp:term":[{"taxonomy":"category","embeddable":true,"href":"https:\/\/www.leyform.fr\/blog\/wp-json\/wp\/v2\/categories?post=274"},{"taxonomy":"post_tag","embeddable":true,"href":"https:\/\/www.leyform.fr\/blog\/wp-json\/wp\/v2\/tags?post=274"}],"curies":[{"name":"wp","href":"https:\/\/api.w.org\/{rel}","templated":true}]}}