{"id":265,"date":"2025-10-20T13:29:27","date_gmt":"2025-10-20T13:29:27","guid":{"rendered":"https:\/\/www.leyform.fr\/blog\/?p=265"},"modified":"2025-10-20T13:29:28","modified_gmt":"2025-10-20T13:29:28","slug":"sieges-en-bois-fsc-engagement-de-leyform","status":"publish","type":"post","link":"https:\/\/www.leyform.fr\/blog\/sieges-en-bois-fsc-engagement-de-leyform\/","title":{"rendered":"Si\u00e8ges en bois FSC\u2122 : l\u2019engagement de Leyform"},"content":{"rendered":"\n<h2 class=\"wp-block-heading\">Les si\u00e8ges en bois FSC\u2122 de Leyform garantissent l\u2019utilisation de mat\u00e9riaux issus de for\u00eats g\u00e9r\u00e9es de mani\u00e8re responsable, dans le respect de l\u2019environnement, des personnes et de l\u2019avenir<\/h2>\n\n\n<div class=\"wp-block-image\">\n<figure class=\"alignleft size-full is-resized\" style=\"margin-top:10px;margin-right:0px;margin-bottom:10px;margin-left:0px\"><a href=\"https:\/\/www.leyform.fr\/leyform-entreprise.html\" target=\"_blank\" rel=\" noreferrer noopener\"><img loading=\"lazy\" decoding=\"async\" width=\"1120\" height=\"800\" src=\"https:\/\/www.leyform.fr\/blog\/wp-content\/uploads\/2025\/10\/Sedute-con-legno-FSC.png\" alt=\"Si\u00e8ges-en-bois-FSC\" class=\"wp-image-267\" style=\"aspect-ratio:4\/3;object-fit:cover;width:1120px\" srcset=\"https:\/\/www.leyform.fr\/blog\/wp-content\/uploads\/2025\/10\/Sedute-con-legno-FSC.png 1120w, https:\/\/www.leyform.fr\/blog\/wp-content\/uploads\/2025\/10\/Sedute-con-legno-FSC-300x214.png 300w, https:\/\/www.leyform.fr\/blog\/wp-content\/uploads\/2025\/10\/Sedute-con-legno-FSC-1024x731.png 1024w, https:\/\/www.leyform.fr\/blog\/wp-content\/uploads\/2025\/10\/Sedute-con-legno-FSC-768x549.png 768w\" sizes=\"auto, (max-width: 1120px) 100vw, 1120px\" \/><\/a><\/figure>\n<\/div>\n\n\n<p>Le label FSC\u2122 certifie que le bois utilis\u00e9 pour la fabrication des si\u00e8ges <a href=\"https:\/\/www.leyform.fr\/leyform-entreprise.html\" target=\"_blank\" rel=\"noreferrer noopener\">Leyform<\/a> provient de for\u00eats g\u00e9r\u00e9es de fa\u00e7on responsable et durable. Cela implique la protection de la biodiversit\u00e9, des ressources naturelles et des droits des travailleurs.<\/p>\n\n\n\n<h3 class=\"wp-block-heading\">Tra\u00e7abilit\u00e9 et qualit\u00e9 pour les si\u00e8ges en bois FSC\u2122<\/h3>\n\n\n\n<p><\/p>\n\n\n<div class=\"wp-block-image\">\n<figure class=\"alignleft size-full is-resized\" style=\"margin-top:10px;margin-right:0px;margin-bottom:10px;margin-left:0px\"><a href=\"https:\/\/www.leyform.fr\/moderne-chaise-polyvalent-soft-contract\/design-siege-pivotant-pour-l-accueil-et-bureau-zerosedici.html\" target=\"_blank\" rel=\" noreferrer noopener\"><img loading=\"lazy\" decoding=\"async\" width=\"1600\" height=\"1151\" src=\"https:\/\/www.leyform.fr\/blog\/wp-content\/uploads\/2025\/10\/zerosedici-wood-orizzontale.jpg\" alt=\"Si\u00e8ges-en-bois-FSC-1\" class=\"wp-image-268\" style=\"aspect-ratio:4\/3;object-fit:cover;width:1120px\" srcset=\"https:\/\/www.leyform.fr\/blog\/wp-content\/uploads\/2025\/10\/zerosedici-wood-orizzontale.jpg 1600w, https:\/\/www.leyform.fr\/blog\/wp-content\/uploads\/2025\/10\/zerosedici-wood-orizzontale-300x216.jpg 300w, https:\/\/www.leyform.fr\/blog\/wp-content\/uploads\/2025\/10\/zerosedici-wood-orizzontale-1024x737.jpg 1024w, https:\/\/www.leyform.fr\/blog\/wp-content\/uploads\/2025\/10\/zerosedici-wood-orizzontale-768x552.jpg 768w, https:\/\/www.leyform.fr\/blog\/wp-content\/uploads\/2025\/10\/zerosedici-wood-orizzontale-1536x1105.jpg 1536w\" sizes=\"auto, (max-width: 1600px) 100vw, 1600px\" \/><\/a><\/figure>\n<\/div>\n\n\n<p class=\"has-text-align-center\"><\/p>\n\n\n\n<p>Chaque composant en bois des si\u00e8ges certifi\u00e9s FSC\u2122 est tra\u00e7able tout au long de la cha\u00eene de production, de l\u2019arbre au produit fini \u2014 qu\u2019il s\u2019agisse d\u2019un fauteuil, d\u2019un canap\u00e9 ou d\u2019un pouf. Cette tra\u00e7abilit\u00e9 garantit la qualit\u00e9, la s\u00e9curit\u00e9 et la conformit\u00e9 aux normes internationales les plus exigeantes.<\/p>\n\n\n\n<h3 class=\"wp-block-heading has-text-align-left\">Un investissement durable pour la protection des for\u00eats<\/h3>\n\n\n\n<p><\/p>\n\n\n<div class=\"wp-block-image\">\n<figure class=\"alignleft size-full is-resized\" style=\"margin-top:10px;margin-right:0px;margin-bottom:10px;margin-left:0px\"><a href=\"https:\/\/www.leyform.fr\/leyform-entreprise.html\" target=\"_blank\" rel=\" noreferrer noopener\"><img loading=\"lazy\" decoding=\"async\" width=\"1120\" height=\"800\" src=\"https:\/\/www.leyform.fr\/blog\/wp-content\/uploads\/2025\/10\/Sedute-sostenibili.png\" alt=\"Si\u00e8ges-en-bois-FSC-2\" class=\"wp-image-269\" style=\"aspect-ratio:4\/3;object-fit:cover;width:1120px\" srcset=\"https:\/\/www.leyform.fr\/blog\/wp-content\/uploads\/2025\/10\/Sedute-sostenibili.png 1120w, https:\/\/www.leyform.fr\/blog\/wp-content\/uploads\/2025\/10\/Sedute-sostenibili-300x214.png 300w, https:\/\/www.leyform.fr\/blog\/wp-content\/uploads\/2025\/10\/Sedute-sostenibili-1024x731.png 1024w, https:\/\/www.leyform.fr\/blog\/wp-content\/uploads\/2025\/10\/Sedute-sostenibili-768x549.png 768w\" sizes=\"auto, (max-width: 1120px) 100vw, 1120px\" \/><\/a><\/figure>\n<\/div>\n\n\n<p><\/p>\n\n\n\n<p><strong>Choisir les fauteuils, chaises, canap\u00e9s et poufs en bois FSC\u2122 de Leyform, c\u2019est soutenir la gestion responsable des ressources foresti\u00e8res et promouvoir une culture d\u2019entreprise respectueuse de l\u2019environnement.<\/strong><\/p>\n\n\n\n<p><a href=\"https:\/\/www.leyform.fr\/leyform-contact.html\" target=\"_blank\" rel=\"noreferrer noopener\">Contactez-nous<\/a> pour d\u00e9couvrir les collections de si\u00e8ges en bois FSC\u2122 les plus adapt\u00e9es \u00e0 vos espaces !<\/p>\n\n\n\n<p><br><\/p>\n","protected":false},"excerpt":{"rendered":"<p>Les si\u00e8ges en bois FSC\u2122 de Leyform garantissent l\u2019utilisation de mat\u00e9riaux issus de for\u00eats g\u00e9r\u00e9es de mani\u00e8re responsable, dans le [&hellip;]<\/p>\n","protected":false},"author":1,"featured_media":270,"comment_status":"closed","ping_status":"closed","sticky":false,"template":"","format":"standard","meta":{"_acf_changed":false,"footnotes":""},"categories":[11],"tags":[56,55],"class_list":["post-265","post","type-post","status-publish","format-standard","has-post-thumbnail","hentry","category-attente","tag-label-fsc","tag-sieges-en-bois-fsc"],"acf":[],"_links":{"self":[{"href":"https:\/\/www.leyform.fr\/blog\/wp-json\/wp\/v2\/posts\/265","targetHints":{"allow":["GET"]}}],"collection":[{"href":"https:\/\/www.leyform.fr\/blog\/wp-json\/wp\/v2\/posts"}],"about":[{"href":"https:\/\/www.leyform.fr\/blog\/wp-json\/wp\/v2\/types\/post"}],"author":[{"embeddable":true,"href":"https:\/\/www.leyform.fr\/blog\/wp-json\/wp\/v2\/users\/1"}],"replies":[{"embeddable":true,"href":"https:\/\/www.leyform.fr\/blog\/wp-json\/wp\/v2\/comments?post=265"}],"version-history":[{"count":3,"href":"https:\/\/www.leyform.fr\/blog\/wp-json\/wp\/v2\/posts\/265\/revisions"}],"predecessor-version":[{"id":273,"href":"https:\/\/www.leyform.fr\/blog\/wp-json\/wp\/v2\/posts\/265\/revisions\/273"}],"wp:featuredmedia":[{"embeddable":true,"href":"https:\/\/www.leyform.fr\/blog\/wp-json\/wp\/v2\/media\/270"}],"wp:attachment":[{"href":"https:\/\/www.leyform.fr\/blog\/wp-json\/wp\/v2\/media?parent=265"}],"wp:term":[{"taxonomy":"category","embeddable":true,"href":"https:\/\/www.leyform.fr\/blog\/wp-json\/wp\/v2\/categories?post=265"},{"taxonomy":"post_tag","embeddable":true,"href":"https:\/\/www.leyform.fr\/blog\/wp-json\/wp\/v2\/tags?post=265"}],"curies":[{"name":"wp","href":"https:\/\/api.w.org\/{rel}","templated":true}]}}