{"id":255,"date":"2025-09-22T15:37:25","date_gmt":"2025-09-22T15:37:25","guid":{"rendered":"https:\/\/www.leyform.fr\/blog\/?p=255"},"modified":"2025-09-22T15:37:26","modified_gmt":"2025-09-22T15:37:26","slug":"pouf-et-canape-modulable-noa-remporte-big-see-product-design-award-2025","status":"publish","type":"post","link":"https:\/\/www.leyform.fr\/blog\/pouf-et-canape-modulable-noa-remporte-big-see-product-design-award-2025\/","title":{"rendered":"Le pouf et canap\u00e9 modulable No\u00e0 remporte le BIG SEE Product Design Award 2025"},"content":{"rendered":"\n<h2 class=\"wp-block-heading\">Made in Italy \u00e0 l\u2019honneur : le pouf et canap\u00e9 modulable No\u00e0 r\u00e9compens\u00e9 et pr\u00e9sent\u00e9 au BIG SEE Design Trade Show de Ljubljana<\/h2>\n\n\n<div class=\"wp-block-image\">\n<figure class=\"alignleft size-full is-resized\" style=\"margin-top:10px;margin-right:0px;margin-bottom:10px;margin-left:0px\"><a href=\"https:\/\/www.leyform.fr\/canape-et-fauteuil-d-attente\/canapes-plus-pouf-modulaires-p-atrium-open-space-noa.html\" target=\"_blank\" rel=\" noreferrer noopener\"><img loading=\"lazy\" decoding=\"async\" width=\"1600\" height=\"1151\" src=\"https:\/\/www.leyform.fr\/blog\/wp-content\/uploads\/2025\/09\/unnamed.jpg\" alt=\"pouf-et-canap\u00e9-modulable-0\" class=\"wp-image-257\" style=\"aspect-ratio:4\/3;object-fit:cover;width:1120px\" srcset=\"https:\/\/www.leyform.fr\/blog\/wp-content\/uploads\/2025\/09\/unnamed.jpg 1600w, https:\/\/www.leyform.fr\/blog\/wp-content\/uploads\/2025\/09\/unnamed-300x216.jpg 300w, https:\/\/www.leyform.fr\/blog\/wp-content\/uploads\/2025\/09\/unnamed-1024x737.jpg 1024w, https:\/\/www.leyform.fr\/blog\/wp-content\/uploads\/2025\/09\/unnamed-768x552.jpg 768w, https:\/\/www.leyform.fr\/blog\/wp-content\/uploads\/2025\/09\/unnamed-1536x1105.jpg 1536w\" sizes=\"auto, (max-width: 1600px) 100vw, 1600px\" \/><\/a><\/figure>\n<\/div>\n\n\n<p>Leyform a \u00e9t\u00e9 r\u00e9compens\u00e9e aux BIG SEE Architecture &amp; Interior Design Awards 2025. La <a href=\"https:\/\/www.leyform.fr\/canape-et-fauteuil-d-attente\/canapes-plus-pouf-modulaires-p-atrium-open-space-noa.html\" target=\"_blank\" rel=\"noreferrer noopener\">collection No\u00e0<\/a>, sign\u00e9e Nicola Cacco, a remport\u00e9 le BIG SEE Award 2025 dans la cat\u00e9gorie \u00ab Product Design \u00bb. Une reconnaissance qui c\u00e9l\u00e8bre l\u2019excellence du design italien et la valeur d\u2019un projet capable d\u2019unir flexibilit\u00e9, confort et \u00e9l\u00e9gance.<\/p>\n\n\n\n<h3 class=\"wp-block-heading\">Polyvalence pour chaque espace d\u2019attente<\/h3>\n\n\n\n<p><\/p>\n\n\n<div class=\"wp-block-image\">\n<figure class=\"alignleft size-full is-resized\" style=\"margin-top:10px;margin-right:0px;margin-bottom:10px;margin-left:0px\"><a href=\"https:\/\/www.leyform.fr\/canape-et-fauteuil-d-attente\/canapes-plus-pouf-modulaires-p-atrium-open-space-noa.html\" target=\"_blank\" rel=\" noreferrer noopener\"><img loading=\"lazy\" decoding=\"async\" width=\"1120\" height=\"800\" src=\"https:\/\/www.leyform.fr\/blog\/wp-content\/uploads\/2025\/09\/Pouf-e-divano-modulare.png\" alt=\"pouf-et-canap\u00e9-modulable-1\" class=\"wp-image-258\" style=\"aspect-ratio:4\/3;object-fit:cover;width:1120px\" srcset=\"https:\/\/www.leyform.fr\/blog\/wp-content\/uploads\/2025\/09\/Pouf-e-divano-modulare.png 1120w, https:\/\/www.leyform.fr\/blog\/wp-content\/uploads\/2025\/09\/Pouf-e-divano-modulare-300x214.png 300w, https:\/\/www.leyform.fr\/blog\/wp-content\/uploads\/2025\/09\/Pouf-e-divano-modulare-1024x731.png 1024w, https:\/\/www.leyform.fr\/blog\/wp-content\/uploads\/2025\/09\/Pouf-e-divano-modulare-768x549.png 768w\" sizes=\"auto, (max-width: 1120px) 100vw, 1120px\" \/><\/a><\/figure>\n<\/div>\n\n\n<p class=\"has-text-align-center\"><\/p>\n\n\n\n<p>Le syst\u00e8me modulable <a href=\"https:\/\/www.leyform.fr\/canape-et-fauteuil-d-attente\/canapes-plus-pouf-modulaires-p-atrium-open-space-noa.html\" target=\"_blank\" rel=\"noreferrer noopener\">pouf et canap\u00e9 No\u00e0<\/a> a \u00e9t\u00e9 con\u00e7u pour les open-spaces tr\u00e8s fr\u00e9quent\u00e9s comme les entr\u00e9es, halls, lobbies, salles d\u2019attente d\u2019entreprises, h\u00f4tels, gares et centres commerciaux. Il peut \u00eatre interpr\u00e9t\u00e9 comme pouf, canap\u00e9 lounge, banc ou assise avec dossier, en version 1, 2 ou 3 places, toutes connectables entre elles.<\/p>\n\n\n\n<h3 class=\"wp-block-heading has-text-align-left\">Confort high-tech et design durable<\/h3>\n\n\n\n<p><\/p>\n\n\n<div class=\"wp-block-image\">\n<figure class=\"alignleft size-full is-resized\" style=\"margin-top:10px;margin-right:0px;margin-bottom:10px;margin-left:0px\"><a href=\"https:\/\/www.leyform.fr\/canape-et-fauteuil-d-attente\/canapes-plus-pouf-modulaires-p-atrium-open-space-noa.html\" target=\"_blank\" rel=\" noreferrer noopener\"><img loading=\"lazy\" decoding=\"async\" width=\"1120\" height=\"800\" src=\"https:\/\/www.leyform.fr\/blog\/wp-content\/uploads\/2025\/09\/Pouf-e-divano-modulare-2-1.png\" alt=\"pouf-et-canap\u00e9-modulable-2\" class=\"wp-image-259\" style=\"aspect-ratio:4\/3;object-fit:cover;width:1120px\" srcset=\"https:\/\/www.leyform.fr\/blog\/wp-content\/uploads\/2025\/09\/Pouf-e-divano-modulare-2-1.png 1120w, https:\/\/www.leyform.fr\/blog\/wp-content\/uploads\/2025\/09\/Pouf-e-divano-modulare-2-1-300x214.png 300w, https:\/\/www.leyform.fr\/blog\/wp-content\/uploads\/2025\/09\/Pouf-e-divano-modulare-2-1-1024x731.png 1024w, https:\/\/www.leyform.fr\/blog\/wp-content\/uploads\/2025\/09\/Pouf-e-divano-modulare-2-1-768x549.png 768w\" sizes=\"auto, (max-width: 1120px) 100vw, 1120px\" \/><\/a><\/figure>\n<\/div>\n\n\n<p><\/p>\n\n\n\n<p>Chaque pouf et canap\u00e9 modulable de la collection peut \u00eatre \u00e9quip\u00e9 de prises SCHUKO et de ports USB-C pour recharger smartphones ou laptop pc. Enti\u00e8rement d\u00e9montable, No\u00e0 illustre un design responsable et durable, alliant fonctionnalit\u00e9 et esth\u00e9tique.<\/p>\n\n\n\n<h3 class=\"wp-block-heading\">Leyform au salon BIG SEE 2025<\/h3>\n\n\n\n<p><strong>Le pouf et canap\u00e9 modulable No\u00e0 sera expos\u00e9 au <\/strong><a href=\"https:\/\/bigsee.eu\/big-design-2025-trade-show-selection\/\" target=\"_blank\" rel=\"noreferrer noopener\"><strong>BIG SEE Design Trade Show<\/strong><\/a><strong>, pr\u00e9vu du 9 au 11 octobre 2025 au Center Rog, Trubarjeva cesta 72, 1000 Ljubljana, Slov\u00e9nie<\/strong>. Une occasion unique de d\u00e9couvrir en direct toutes les combinaisons de volumes, couleurs et finitions qui font de No\u00e0 une ic\u00f4ne du design Made in Italy.<\/p>\n\n\n\n<p>Envie de le voir de pr\u00e8s ? Rendez-vous au <a href=\"https:\/\/www.google.com\/maps\/place\/Center+Rog\/@46.0528568,14.5129975,2623m\/data=!3m1!1e3!4m6!3m5!1s0x47652d7d76b37875:0x52d308c160795f75!8m2!3d46.0514932!4d14.5151209!16s%2Fg%2F1q62l0cw4?entry=ttu&amp;g_ep=EgoyMDI1MDkxNi4wIKXMDSoASAFQAw%3D%3D\" target=\"_blank\" rel=\"noreferrer noopener\">salon<\/a>, stand n\u00b029 !<br><\/p>\n","protected":false},"excerpt":{"rendered":"<p>Made in Italy \u00e0 l\u2019honneur : le pouf et canap\u00e9 modulable No\u00e0 r\u00e9compens\u00e9 et pr\u00e9sent\u00e9 au BIG SEE Design Trade [&hellip;]<\/p>\n","protected":false},"author":1,"featured_media":261,"comment_status":"closed","ping_status":"closed","sticky":false,"template":"","format":"standard","meta":{"_acf_changed":false,"footnotes":""},"categories":[11,15],"tags":[54,53,52],"class_list":["post-255","post","type-post","status-publish","format-standard","has-post-thumbnail","hentry","category-attente","category-actualites","tag-big-see","tag-big-see-design-award","tag-pouf-et-canape-modulable"],"acf":[],"_links":{"self":[{"href":"https:\/\/www.leyform.fr\/blog\/wp-json\/wp\/v2\/posts\/255","targetHints":{"allow":["GET"]}}],"collection":[{"href":"https:\/\/www.leyform.fr\/blog\/wp-json\/wp\/v2\/posts"}],"about":[{"href":"https:\/\/www.leyform.fr\/blog\/wp-json\/wp\/v2\/types\/post"}],"author":[{"embeddable":true,"href":"https:\/\/www.leyform.fr\/blog\/wp-json\/wp\/v2\/users\/1"}],"replies":[{"embeddable":true,"href":"https:\/\/www.leyform.fr\/blog\/wp-json\/wp\/v2\/comments?post=255"}],"version-history":[{"count":4,"href":"https:\/\/www.leyform.fr\/blog\/wp-json\/wp\/v2\/posts\/255\/revisions"}],"predecessor-version":[{"id":263,"href":"https:\/\/www.leyform.fr\/blog\/wp-json\/wp\/v2\/posts\/255\/revisions\/263"}],"wp:featuredmedia":[{"embeddable":true,"href":"https:\/\/www.leyform.fr\/blog\/wp-json\/wp\/v2\/media\/261"}],"wp:attachment":[{"href":"https:\/\/www.leyform.fr\/blog\/wp-json\/wp\/v2\/media?parent=255"}],"wp:term":[{"taxonomy":"category","embeddable":true,"href":"https:\/\/www.leyform.fr\/blog\/wp-json\/wp\/v2\/categories?post=255"},{"taxonomy":"post_tag","embeddable":true,"href":"https:\/\/www.leyform.fr\/blog\/wp-json\/wp\/v2\/tags?post=255"}],"curies":[{"name":"wp","href":"https:\/\/api.w.org\/{rel}","templated":true}]}}